{"id":51406,"date":"2022-05-23T21:48:11","date_gmt":"2022-05-23T21:48:11","guid":{"rendered":"https:\/\/diadem-consulting.com\/le-developpement-personnel-se-preoccupe-aussi-de-lharmonie-collective\/"},"modified":"2022-06-18T17:18:13","modified_gmt":"2022-06-18T17:18:13","slug":"le-developpement-personnel-se-preoccupe-aussi-de-lharmonie-collective","status":"publish","type":"post","link":"https:\/\/diadem-consulting.com\/en\/le-developpement-personnel-se-preoccupe-aussi-de-lharmonie-collective\/","title":{"rendered":"Le d\u00e9veloppement personnel se pr\u00e9occupe aussi de l\u2019harmonie collective !"},"content":{"rendered":"<p>[et_pb_section fb_built=&#8221;1&#8243; _builder_version=&#8221;4.14.7&#8243; _module_preset=&#8221;default&#8221; global_colors_info=&#8221;{}&#8221; theme_builder_area=&#8221;et_body_layout&#8221;][et_pb_row _builder_version=&#8221;4.14.7&#8243; _module_preset=&#8221;default&#8221; global_colors_info=&#8221;{}&#8221; theme_builder_area=&#8221;et_body_layout&#8221;][et_pb_column type=&#8221;4_4&#8243; _builder_version=&#8221;4.14.7&#8243; _module_preset=&#8221;default&#8221; global_colors_info=&#8221;{}&#8221; theme_builder_area=&#8221;et_body_layout&#8221;][et_pb_text _builder_version=&#8221;4.14.7&#8243; _module_preset=&#8221;default&#8221; hover_enabled=&#8221;0&#8243; global_colors_info=&#8221;{}&#8221; theme_builder_area=&#8221;et_body_layout&#8221; sticky_enabled=&#8221;0&#8243;]<\/p>\n<div dir=\"ltr\" class=\"reader-article-content reader-article-content--legacy-html\">\n<div dir=\"ltr\" class=\"reader-article-content reader-article-content--legacy-html\">\n<p><strong><em>Un livre r\u00e9cent pourfend la \u00ab mode \u00bb du bonheur atteignable par tous \u00e0 la seule condition d\u2019y mettre du sien et fustige les tenants du d\u00e9veloppement personnel qui oublieraient le collectif. Une critique r\u00e9ductrice et erron\u00e9e.<\/em><\/strong><\/p>\n<p><strong>A bas le bonheur ? <\/strong><\/p>\n<p>C\u2019est le leitmotiv paradoxal de l\u2019essai intitul\u00e9 \u00ab Happycratie \u00bb, paru en ao\u00fbt dernier aux \u00e9ditions Premier Parall\u00e8le. La sociologue Eva Illouz et le psychologue Edgar Cabanas y d\u00e9noncent l\u2019injonction qui nous serait faite d\u2019\u00eatre heureux en toutes circonstances. Ils sont particuli\u00e8rement critiques \u00e0 l\u2019\u00e9gard des coachs qui pousseraient \u00e0 la s\u00e9r\u00e9nit\u00e9 et la \u00ab r\u00e9alisation de soi \u00bb dans la sph\u00e8re priv\u00e9e et professionnelle, \u00e0 travers la consommation de livres sur le d\u00e9veloppement personnel comme le pr\u00f4ne notamment mon ouvrage publi\u00e9 chez Marabout \u00ab <a href=\"https:\/\/www.amazon.fr\/7-lois-du-changement\/dp\/2501124073\" target=\"_blank\" rel=\"nofollow noopener\">Les 7 lois du changement<\/a> \u00bb. <\/p>\n<p>Beaucoup jugent illusoire cette \u00ab mode \u00bb du bien-\u00eatre car elle en ferait exclusivement une affaire de choix individuel : si vous souffrez, c\u2019est parce que vous vous orientez mal, manquez de t\u00e9nacit\u00e9 et d\u2019adaptation \u00e0 la vie familiale ou professionnelle telle qu\u2019elle est. Une version contemporaine de la maxime de Chamfort, moraliste fran\u00e7ais du 18\u00e8mesi\u00e8cle : \u00ab On trouve rarement le bonheur en soi, mais jamais ailleurs \u00bb. Tout d\u00e9pendrait de son propre comportement, ind\u00e9pendamment des heurts et malheurs de l\u2019existence ! Une position simpliste et surtout culpabilisante qui occulte l\u2019oppression sociale, selon Eva Illouz et Edgar Cabanas. <\/p>\n<p><strong>La course \u00e0 la comp\u00e9tition <\/strong><\/p>\n<p>Cette injonction du bonheur nous dissuaderait donc d\u2019agir contre les injustices collectives et nous pousserait de surcro\u00eet \u00e0 une comp\u00e9tition malsaine : dans mon environnement (hostile), suis-je capable plus que d\u2019autres de garder bonne figure, de rester souriant, \u00ab zen \u00bb et d\u00e9tach\u00e9 ? Une concurrence suppl\u00e9mentaire, une \u00ab extension du domaine de la lutte \u00bb, pour reprendre l\u2019expression de l\u2019\u00e9crivain Michel Houellebecq ayant fait flor\u00e8s, qui alourdirait le stress d\u00e9j\u00e0 induit par l\u2019acc\u00e9l\u00e9ration de la concurrence \u00e9conomique dans notre monde globalis\u00e9.<\/p>\n<p>Cette charge correspond-elle \u00e0 la r\u00e9alit\u00e9 ? En v\u00e9rit\u00e9, le d\u00e9veloppement personnel n\u2019est pas une discipline superficielle. Loin de l\u00e0. Si certains conduisent leurs clients vers ce genre de simplification, les coachs bien form\u00e9s et aguerris &#8211; de plus en plus nombreux &#8211; utilisent les travaux des chercheurs en sciences politiques. <\/p>\n<p><strong>Le poids du d\u00e9veloppement personnel est grandissant <\/strong><\/p>\n<p>Aujourd\u2019hui, les multinationales ou des institutions comme l\u2019ONU se penchent sans a priori id\u00e9ologiques ou normatifs sur la question du bonheur public. L\u2019assembl\u00e9e new-yorkaise a m\u00eame instaur\u00e9 en 2012 une Journ\u00e9e du bonheur (tous les 20 mars) \u00e0 l\u2019\u00e9chelle plan\u00e9taire, afin d\u2019encourager ces travaux. La firme Coca-Cola a fond\u00e9 un \u00ab Observatoire du bonheur \u00bb et on conna\u00eet l\u2019engouement des grandes entreprises du num\u00e9rique (les GAFA) \u00e0 ce sujet. \u00ab L\u2019homme augment\u00e9 \u00bb n\u2019est pas seulement appel\u00e9 \u00e0 vivre plus longtemps en bonne sant\u00e9. Il sera plus heureux. Ces recherches exponentielles depuis environ deux d\u00e9cennies sont notamment focalis\u00e9es sur les \u00ab recettes \u00bb de pays o\u00f9 des statistiques pr\u00e9cises mesurent une long\u00e9vit\u00e9 exceptionnelle, la faible proportion de cancers, divorces, suicides, conduites addictives, etc.<\/p>\n<p>Le petit Bhoutan, royaume bouddhiste de l\u2019Himalaya, est souvent montr\u00e9 en exemple. La gouvernance, les rapports sociaux, l\u2019organisation du travail y r\u00e9pondent \u00e0 des objectifs de bienveillance inspir\u00e9s de la tradition tib\u00e9taine. Et ces crit\u00e8res sont bel et bien collectifs !<\/p>\n<\/div>\n<\/div>\n<p>[\/et_pb_text][\/et_pb_column][\/et_pb_row][\/et_pb_section]<\/p>\n","protected":false},"excerpt":{"rendered":"<p>Un livre r\u00e9cent pourfend la \u00ab mode \u00bb du bonheur atteignable par tous \u00e0 la seule condition d\u2019y mettre du sien et fustige les tenants du d\u00e9veloppement personnel qui oublieraient le collectif. Une critique r\u00e9ductrice et erron\u00e9e. A bas le bonheur ? C\u2019est le leitmotiv paradoxal de l\u2019essai intitul\u00e9 \u00ab Happycratie \u00bb, paru en ao\u00fbt [&hellip;]<\/p>\n","protected":false},"author":1,"featured_media":50966,"comment_status":"closed","ping_status":"closed","sticky":false,"template":"","format":"standard","meta":{"_et_pb_use_builder":"on","_et_pb_old_content":"","_et_gb_content_width":"","inline_featured_image":false,"footnotes":""},"categories":[9,21],"tags":[],"class_list":["post-51406","post","type-post","status-publish","format-standard","has-post-thumbnail","hentry","category-maxime-coignard","category-uncategorized"],"yoast_head":"<!-- This site is optimized with the Yoast SEO Premium plugin v22.9 (Yoast SEO v27.5) - https:\/\/yoast.com\/product\/yoast-seo-premium-wordpress\/ -->\n<title>Le d\u00e9veloppement personnel se pr\u00e9occupe aussi de l\u2019harmonie collective ! - Diadem Consulting<\/title>\n<meta name=\"robots\" content=\"index, follow, max-snippet:-1, max-image-preview:large, max-video-preview:-1\" \/>\n<link rel=\"canonical\" href=\"https:\/\/diadem-consulting.com\/le-developpement-personnel-se-preoccupe-aussi-de-lharmonie-collective\/\" \/>\n<meta property=\"og:locale\" content=\"en_US\" \/>\n<meta property=\"og:type\" content=\"article\" \/>\n<meta property=\"og:title\" content=\"Le d\u00e9veloppement personnel se pr\u00e9occupe aussi de l\u2019harmonie collective !\" \/>\n<meta property=\"og:description\" content=\"Un livre r\u00e9cent pourfend la \u00ab mode \u00bb du bonheur atteignable par tous \u00e0 la seule condition d\u2019y mettre du sien et fustige les tenants du d\u00e9veloppement personnel qui oublieraient le collectif. Une critique r\u00e9ductrice et erron\u00e9e. A bas le bonheur ? C\u2019est le leitmotiv paradoxal de l\u2019essai intitul\u00e9 \u00ab Happycratie \u00bb, paru en ao\u00fbt [&hellip;]\" \/>\n<meta property=\"og:url\" content=\"https:\/\/diadem-consulting.com\/le-developpement-personnel-se-preoccupe-aussi-de-lharmonie-collective\/\" \/>\n<meta property=\"og:site_name\" content=\"Diadem Consulting\" \/>\n<meta property=\"article:publisher\" content=\"https:\/\/www.facebook.com\/diademcoaching\/\" \/>\n<meta property=\"article:published_time\" content=\"2022-05-23T21:48:11+00:00\" \/>\n<meta property=\"article:modified_time\" content=\"2022-06-18T17:18:13+00:00\" \/>\n<meta property=\"og:image\" content=\"https:\/\/diadem-consulting.com\/wp-content\/uploads\/2022\/05\/dev.jpg\" \/>\n\t<meta property=\"og:image:width\" content=\"1073\" \/>\n\t<meta property=\"og:image:height\" content=\"720\" \/>\n\t<meta property=\"og:image:type\" content=\"image\/jpeg\" \/>\n<meta name=\"author\" content=\"admin01\" \/>\n<meta name=\"twitter:card\" content=\"summary_large_image\" \/>\n<meta name=\"twitter:creator\" content=\"@maxime_coignard\" \/>\n<meta name=\"twitter:site\" content=\"@maxime_coignard\" \/>\n<meta name=\"twitter:label1\" content=\"Written by\" \/>\n\t<meta name=\"twitter:data1\" content=\"admin01\" \/>\n\t<meta name=\"twitter:label2\" content=\"Est. reading time\" \/>\n\t<meta name=\"twitter:data2\" content=\"3 minutes\" \/>\n<script type=\"application\/ld+json\" class=\"yoast-schema-graph\">{\"@context\":\"https:\\\/\\\/schema.org\",\"@graph\":[{\"@type\":\"Article\",\"@id\":\"https:\\\/\\\/diadem-consulting.com\\\/le-developpement-personnel-se-preoccupe-aussi-de-lharmonie-collective\\\/#article\",\"isPartOf\":{\"@id\":\"https:\\\/\\\/diadem-consulting.com\\\/le-developpement-personnel-se-preoccupe-aussi-de-lharmonie-collective\\\/\"},\"author\":{\"name\":\"admin01\",\"@id\":\"https:\\\/\\\/diadem-consulting.com\\\/#\\\/schema\\\/person\\\/8739c54b039695aef0677be0a4c61a2f\"},\"headline\":\"Le d\u00e9veloppement personnel se pr\u00e9occupe aussi de l\u2019harmonie collective !\",\"datePublished\":\"2022-05-23T21:48:11+00:00\",\"dateModified\":\"2022-06-18T17:18:13+00:00\",\"mainEntityOfPage\":{\"@id\":\"https:\\\/\\\/diadem-consulting.com\\\/le-developpement-personnel-se-preoccupe-aussi-de-lharmonie-collective\\\/\"},\"wordCount\":672,\"image\":{\"@id\":\"https:\\\/\\\/diadem-consulting.com\\\/le-developpement-personnel-se-preoccupe-aussi-de-lharmonie-collective\\\/#primaryimage\"},\"thumbnailUrl\":\"https:\\\/\\\/diadem-consulting.com\\\/wp-content\\\/uploads\\\/2022\\\/05\\\/dev.jpg\",\"articleSection\":[\"Maxime Coignard\"],\"inLanguage\":\"en-US\"},{\"@type\":\"WebPage\",\"@id\":\"https:\\\/\\\/diadem-consulting.com\\\/le-developpement-personnel-se-preoccupe-aussi-de-lharmonie-collective\\\/\",\"url\":\"https:\\\/\\\/diadem-consulting.com\\\/le-developpement-personnel-se-preoccupe-aussi-de-lharmonie-collective\\\/\",\"name\":\"Le d\u00e9veloppement personnel se pr\u00e9occupe aussi de l\u2019harmonie collective ! - Diadem Consulting\",\"isPartOf\":{\"@id\":\"https:\\\/\\\/diadem-consulting.com\\\/#website\"},\"primaryImageOfPage\":{\"@id\":\"https:\\\/\\\/diadem-consulting.com\\\/le-developpement-personnel-se-preoccupe-aussi-de-lharmonie-collective\\\/#primaryimage\"},\"image\":{\"@id\":\"https:\\\/\\\/diadem-consulting.com\\\/le-developpement-personnel-se-preoccupe-aussi-de-lharmonie-collective\\\/#primaryimage\"},\"thumbnailUrl\":\"https:\\\/\\\/diadem-consulting.com\\\/wp-content\\\/uploads\\\/2022\\\/05\\\/dev.jpg\",\"datePublished\":\"2022-05-23T21:48:11+00:00\",\"dateModified\":\"2022-06-18T17:18:13+00:00\",\"author\":{\"@id\":\"https:\\\/\\\/diadem-consulting.com\\\/#\\\/schema\\\/person\\\/8739c54b039695aef0677be0a4c61a2f\"},\"breadcrumb\":{\"@id\":\"https:\\\/\\\/diadem-consulting.com\\\/le-developpement-personnel-se-preoccupe-aussi-de-lharmonie-collective\\\/#breadcrumb\"},\"inLanguage\":\"en-US\",\"potentialAction\":[{\"@type\":\"ReadAction\",\"target\":[\"https:\\\/\\\/diadem-consulting.com\\\/le-developpement-personnel-se-preoccupe-aussi-de-lharmonie-collective\\\/\"]}]},{\"@type\":\"ImageObject\",\"inLanguage\":\"en-US\",\"@id\":\"https:\\\/\\\/diadem-consulting.com\\\/le-developpement-personnel-se-preoccupe-aussi-de-lharmonie-collective\\\/#primaryimage\",\"url\":\"https:\\\/\\\/diadem-consulting.com\\\/wp-content\\\/uploads\\\/2022\\\/05\\\/dev.jpg\",\"contentUrl\":\"https:\\\/\\\/diadem-consulting.com\\\/wp-content\\\/uploads\\\/2022\\\/05\\\/dev.jpg\",\"width\":1073,\"height\":720,\"caption\":\"diadem consulting blog\"},{\"@type\":\"BreadcrumbList\",\"@id\":\"https:\\\/\\\/diadem-consulting.com\\\/le-developpement-personnel-se-preoccupe-aussi-de-lharmonie-collective\\\/#breadcrumb\",\"itemListElement\":[{\"@type\":\"ListItem\",\"position\":1,\"name\":\"Accueil\",\"item\":\"https:\\\/\\\/diadem-consulting.com\\\/leader-du-coaching-de-dirigeants\\\/\"},{\"@type\":\"ListItem\",\"position\":2,\"name\":\"Le d\u00e9veloppement personnel se pr\u00e9occupe aussi de l\u2019harmonie collective !\"}]},{\"@type\":\"WebSite\",\"@id\":\"https:\\\/\\\/diadem-consulting.com\\\/#website\",\"url\":\"https:\\\/\\\/diadem-consulting.com\\\/\",\"name\":\"Diadem Consulting\",\"description\":\"Executive and Leadership Coaching et Formations pour Dirigeants\",\"potentialAction\":[{\"@type\":\"SearchAction\",\"target\":{\"@type\":\"EntryPoint\",\"urlTemplate\":\"https:\\\/\\\/diadem-consulting.com\\\/?s={search_term_string}\"},\"query-input\":{\"@type\":\"PropertyValueSpecification\",\"valueRequired\":true,\"valueName\":\"search_term_string\"}}],\"inLanguage\":\"en-US\"},{\"@type\":\"Person\",\"@id\":\"https:\\\/\\\/diadem-consulting.com\\\/#\\\/schema\\\/person\\\/8739c54b039695aef0677be0a4c61a2f\",\"name\":\"admin01\",\"image\":{\"@type\":\"ImageObject\",\"inLanguage\":\"en-US\",\"@id\":\"https:\\\/\\\/secure.gravatar.com\\\/avatar\\\/21afee7700d395a3072226e543e0606f7a34bd24ddb4b842ab5ce358ab629b1a?s=96&d=mm&r=g\",\"url\":\"https:\\\/\\\/secure.gravatar.com\\\/avatar\\\/21afee7700d395a3072226e543e0606f7a34bd24ddb4b842ab5ce358ab629b1a?s=96&d=mm&r=g\",\"contentUrl\":\"https:\\\/\\\/secure.gravatar.com\\\/avatar\\\/21afee7700d395a3072226e543e0606f7a34bd24ddb4b842ab5ce358ab629b1a?s=96&d=mm&r=g\",\"caption\":\"admin01\"},\"sameAs\":[\"https:\\\/\\\/diadem-consulting.com\\\/\"],\"url\":\"https:\\\/\\\/diadem-consulting.com\\\/en\\\/author\\\/admin01\\\/\"}]}<\/script>\n<!-- \/ Yoast SEO Premium plugin. -->","yoast_head_json":{"title":"Le d\u00e9veloppement personnel se pr\u00e9occupe aussi de l\u2019harmonie collective ! - Diadem Consulting","robots":{"index":"index","follow":"follow","max-snippet":"max-snippet:-1","max-image-preview":"max-image-preview:large","max-video-preview":"max-video-preview:-1"},"canonical":"https:\/\/diadem-consulting.com\/le-developpement-personnel-se-preoccupe-aussi-de-lharmonie-collective\/","og_locale":"en_US","og_type":"article","og_title":"Le d\u00e9veloppement personnel se pr\u00e9occupe aussi de l\u2019harmonie collective !","og_description":"Un livre r\u00e9cent pourfend la \u00ab mode \u00bb du bonheur atteignable par tous \u00e0 la seule condition d\u2019y mettre du sien et fustige les tenants du d\u00e9veloppement personnel qui oublieraient le collectif. Une critique r\u00e9ductrice et erron\u00e9e. A bas le bonheur ? C\u2019est le leitmotiv paradoxal de l\u2019essai intitul\u00e9 \u00ab Happycratie \u00bb, paru en ao\u00fbt [&hellip;]","og_url":"https:\/\/diadem-consulting.com\/le-developpement-personnel-se-preoccupe-aussi-de-lharmonie-collective\/","og_site_name":"Diadem Consulting","article_publisher":"https:\/\/www.facebook.com\/diademcoaching\/","article_published_time":"2022-05-23T21:48:11+00:00","article_modified_time":"2022-06-18T17:18:13+00:00","og_image":[{"width":1073,"height":720,"url":"https:\/\/diadem-consulting.com\/wp-content\/uploads\/2022\/05\/dev.jpg","type":"image\/jpeg"}],"author":"admin01","twitter_card":"summary_large_image","twitter_creator":"@maxime_coignard","twitter_site":"@maxime_coignard","twitter_misc":{"Written by":"admin01","Est. reading time":"3 minutes"},"schema":{"@context":"https:\/\/schema.org","@graph":[{"@type":"Article","@id":"https:\/\/diadem-consulting.com\/le-developpement-personnel-se-preoccupe-aussi-de-lharmonie-collective\/#article","isPartOf":{"@id":"https:\/\/diadem-consulting.com\/le-developpement-personnel-se-preoccupe-aussi-de-lharmonie-collective\/"},"author":{"name":"admin01","@id":"https:\/\/diadem-consulting.com\/#\/schema\/person\/8739c54b039695aef0677be0a4c61a2f"},"headline":"Le d\u00e9veloppement personnel se pr\u00e9occupe aussi de l\u2019harmonie collective !","datePublished":"2022-05-23T21:48:11+00:00","dateModified":"2022-06-18T17:18:13+00:00","mainEntityOfPage":{"@id":"https:\/\/diadem-consulting.com\/le-developpement-personnel-se-preoccupe-aussi-de-lharmonie-collective\/"},"wordCount":672,"image":{"@id":"https:\/\/diadem-consulting.com\/le-developpement-personnel-se-preoccupe-aussi-de-lharmonie-collective\/#primaryimage"},"thumbnailUrl":"https:\/\/diadem-consulting.com\/wp-content\/uploads\/2022\/05\/dev.jpg","articleSection":["Maxime Coignard"],"inLanguage":"en-US"},{"@type":"WebPage","@id":"https:\/\/diadem-consulting.com\/le-developpement-personnel-se-preoccupe-aussi-de-lharmonie-collective\/","url":"https:\/\/diadem-consulting.com\/le-developpement-personnel-se-preoccupe-aussi-de-lharmonie-collective\/","name":"Le d\u00e9veloppement personnel se pr\u00e9occupe aussi de l\u2019harmonie collective ! - Diadem Consulting","isPartOf":{"@id":"https:\/\/diadem-consulting.com\/#website"},"primaryImageOfPage":{"@id":"https:\/\/diadem-consulting.com\/le-developpement-personnel-se-preoccupe-aussi-de-lharmonie-collective\/#primaryimage"},"image":{"@id":"https:\/\/diadem-consulting.com\/le-developpement-personnel-se-preoccupe-aussi-de-lharmonie-collective\/#primaryimage"},"thumbnailUrl":"https:\/\/diadem-consulting.com\/wp-content\/uploads\/2022\/05\/dev.jpg","datePublished":"2022-05-23T21:48:11+00:00","dateModified":"2022-06-18T17:18:13+00:00","author":{"@id":"https:\/\/diadem-consulting.com\/#\/schema\/person\/8739c54b039695aef0677be0a4c61a2f"},"breadcrumb":{"@id":"https:\/\/diadem-consulting.com\/le-developpement-personnel-se-preoccupe-aussi-de-lharmonie-collective\/#breadcrumb"},"inLanguage":"en-US","potentialAction":[{"@type":"ReadAction","target":["https:\/\/diadem-consulting.com\/le-developpement-personnel-se-preoccupe-aussi-de-lharmonie-collective\/"]}]},{"@type":"ImageObject","inLanguage":"en-US","@id":"https:\/\/diadem-consulting.com\/le-developpement-personnel-se-preoccupe-aussi-de-lharmonie-collective\/#primaryimage","url":"https:\/\/diadem-consulting.com\/wp-content\/uploads\/2022\/05\/dev.jpg","contentUrl":"https:\/\/diadem-consulting.com\/wp-content\/uploads\/2022\/05\/dev.jpg","width":1073,"height":720,"caption":"diadem consulting blog"},{"@type":"BreadcrumbList","@id":"https:\/\/diadem-consulting.com\/le-developpement-personnel-se-preoccupe-aussi-de-lharmonie-collective\/#breadcrumb","itemListElement":[{"@type":"ListItem","position":1,"name":"Accueil","item":"https:\/\/diadem-consulting.com\/leader-du-coaching-de-dirigeants\/"},{"@type":"ListItem","position":2,"name":"Le d\u00e9veloppement personnel se pr\u00e9occupe aussi de l\u2019harmonie collective !"}]},{"@type":"WebSite","@id":"https:\/\/diadem-consulting.com\/#website","url":"https:\/\/diadem-consulting.com\/","name":"Diadem Consulting","description":"Executive and Leadership Coaching et Formations pour Dirigeants","potentialAction":[{"@type":"SearchAction","target":{"@type":"EntryPoint","urlTemplate":"https:\/\/diadem-consulting.com\/?s={search_term_string}"},"query-input":{"@type":"PropertyValueSpecification","valueRequired":true,"valueName":"search_term_string"}}],"inLanguage":"en-US"},{"@type":"Person","@id":"https:\/\/diadem-consulting.com\/#\/schema\/person\/8739c54b039695aef0677be0a4c61a2f","name":"admin01","image":{"@type":"ImageObject","inLanguage":"en-US","@id":"https:\/\/secure.gravatar.com\/avatar\/21afee7700d395a3072226e543e0606f7a34bd24ddb4b842ab5ce358ab629b1a?s=96&d=mm&r=g","url":"https:\/\/secure.gravatar.com\/avatar\/21afee7700d395a3072226e543e0606f7a34bd24ddb4b842ab5ce358ab629b1a?s=96&d=mm&r=g","contentUrl":"https:\/\/secure.gravatar.com\/avatar\/21afee7700d395a3072226e543e0606f7a34bd24ddb4b842ab5ce358ab629b1a?s=96&d=mm&r=g","caption":"admin01"},"sameAs":["https:\/\/diadem-consulting.com\/"],"url":"https:\/\/diadem-consulting.com\/en\/author\/admin01\/"}]}},"_links":{"self":[{"href":"https:\/\/diadem-consulting.com\/en\/wp-json\/wp\/v2\/posts\/51406","targetHints":{"allow":["GET"]}}],"collection":[{"href":"https:\/\/diadem-consulting.com\/en\/wp-json\/wp\/v2\/posts"}],"about":[{"href":"https:\/\/diadem-consulting.com\/en\/wp-json\/wp\/v2\/types\/post"}],"author":[{"embeddable":true,"href":"https:\/\/diadem-consulting.com\/en\/wp-json\/wp\/v2\/users\/1"}],"replies":[{"embeddable":true,"href":"https:\/\/diadem-consulting.com\/en\/wp-json\/wp\/v2\/comments?post=51406"}],"version-history":[{"count":0,"href":"https:\/\/diadem-consulting.com\/en\/wp-json\/wp\/v2\/posts\/51406\/revisions"}],"wp:featuredmedia":[{"embeddable":true,"href":"https:\/\/diadem-consulting.com\/en\/wp-json\/wp\/v2\/media\/50966"}],"wp:attachment":[{"href":"https:\/\/diadem-consulting.com\/en\/wp-json\/wp\/v2\/media?parent=51406"}],"wp:term":[{"taxonomy":"category","embeddable":true,"href":"https:\/\/diadem-consulting.com\/en\/wp-json\/wp\/v2\/categories?post=51406"},{"taxonomy":"post_tag","embeddable":true,"href":"https:\/\/diadem-consulting.com\/en\/wp-json\/wp\/v2\/tags?post=51406"}],"curies":[{"name":"wp","href":"https:\/\/api.w.org\/{rel}","templated":true}]}}