{"id":51424,"date":"2022-05-23T04:18:45","date_gmt":"2022-05-23T04:18:45","guid":{"rendered":"https:\/\/diadem-consulting.com\/le-negativisme-nest-pas-une-fatalite\/"},"modified":"2022-06-18T17:20:56","modified_gmt":"2022-06-18T17:20:56","slug":"le-negativisme-nest-pas-une-fatalite","status":"publish","type":"post","link":"https:\/\/diadem-consulting.com\/en\/le-negativisme-nest-pas-une-fatalite\/","title":{"rendered":"Le \u00ab n\u00e9gativisme \u00bb n\u2019est pas une fatalit\u00e9 !"},"content":{"rendered":"\n[et_pb_section fb_built=&#8221;1&#8243; theme_builder_area=&#8221;post_content&#8221; _builder_version=&#8221;4.14.7&#8243; _module_preset=&#8221;default&#8221;][et_pb_row _builder_version=&#8221;4.14.7&#8243; _module_preset=&#8221;default&#8221; theme_builder_area=&#8221;post_content&#8221;][et_pb_column _builder_version=&#8221;4.14.7&#8243; _module_preset=&#8221;default&#8221; type=&#8221;4_4&#8243; theme_builder_area=&#8221;post_content&#8221;][et_pb_text _builder_version=&#8221;4.14.7&#8243; _module_preset=&#8221;default&#8221; theme_builder_area=&#8221;post_content&#8221; hover_enabled=&#8221;0&#8243; sticky_enabled=&#8221;0&#8243;]<p><strong><em>L\u2019\u00eatre humain \u2013 le Fran\u00e7ais en particulier, semble-t-il \u2013 se focalise naturellement sur ce qui ne va pas plut\u00f4t que sur les moments positifs de l\u2019existence. Inverser la tendance est souhaitable et\u2026 possible.<\/em><\/strong><\/p>\n<p>Pour le pr\u00e9sident Macron la France est un pays \u00ab trop n\u00e9gatif \u00bb, pr\u00e9cisant : \u00ab Si l\u2019on s\u2019\u00e9coute collectivement, si on branche la radio, allume la t\u00e9l\u00e9\u2026 on a l\u2019impression que tout est terrible \u00bb.<\/p>\n<p>Ce pessimisme, amplifi\u00e9 par la crise sanitaire, n\u2019est pas nouveau. Il est aliment\u00e9 par la puissante nostalgie d\u2019\u00e9poques fantasm\u00e9es \u2013 monarchiste, napol\u00e9onienne ou gaullienne, consid\u00e9r\u00e9es comme forc\u00e9ment glorieuses et prosp\u00e8res. Pour 67 % des moins de 35 ans eux-m\u00eames, \u00ab c\u2019\u00e9tait mieux avant \u00bb !<\/p>\n<p>A cela s\u2019ajoute un sentiment de d\u00e9classement unique dans le club des Etats les plus riches : seuls 12 % d\u2019entre nous estimons que la g\u00e9n\u00e9ration montante b\u00e9n\u00e9ficiera d\u2019une vie meilleure que la n\u00f4tre. La grande majorit\u00e9 des Fran\u00e7ais pensent que ce sera pire pour les jeunes. Cette opinion est li\u00e9e essentiellement, sans doute, au d\u00e9faut d\u2019ascenseur social dont nous p\u00e2tissons. Ici plus qu\u2019ailleurs dans le monde d\u00e9velopp\u00e9, la probabilit\u00e9 pour un fils, une fille d\u2019ouvrier ou d\u2019employ\u00e9 modeste de faire de longues \u00e9tudes et\/ou de s\u2019enrichir est faible. On sait que l\u2019\u00e9cole dite r\u00e9publicaine, depuis au moins 4 d\u00e9cennies, a beaucoup failli sur ce plan.<\/p>\n<p>Enfin, nous sommes traditionnellement m\u00e9fiants : les enqu\u00eates anciennes comme actuelles d\u00e9montrent que 4 Fran\u00e7ais sur 5 n\u2019ont pas confiance en leurs concitoyens. Encore un record parmi les pays comparables au n\u00f4tre.<\/p>\n<p>Cela dit, les explications sociologiques n\u2019\u00e9puisent pas le sujet, loin de l\u00e0. Il y a chez l\u2019\u00eatre humain, quelles que soient sa culture et sa nationalit\u00e9, une tendance spontan\u00e9e \u00e0 d\u00e9cortiquer ce qui ne va pas avant de \u00ab positiver \u00bb \u00e9ventuellement. La peur du danger, chez nos anc\u00eatres pr\u00e9historiques, \u00e9tait d\u00e9j\u00e0 d\u00e9terminante pour se d\u00e9fendre contre les pr\u00e9dateurs, se nourrir et survivre.<\/p>\n<p>L\u2019\u00e9ducation, en bridant les instincts, permet \u00e0 l\u2019enfant de prendre conscience des menaces jalonnant l\u2019existence. Une n\u00e9cessit\u00e9. Mais les parents et p\u00e9dagogues ne vont-ils pas trop loin en ce sens ?<\/p>\n<p>Les sciences cognitives contemporaines et la \u00ab psychologue positive \u00bb, dont le p\u00e8re est l\u2019Am\u00e9ricain Martin Seligman, nous apprennent qu\u2019il est possible d\u2019inverser la tendance. Cela suppose volont\u00e9 et pers\u00e9v\u00e9rance car les moments positifs ne sont pas assimil\u00e9s aussi facilement ni aussi vite que les moments n\u00e9gatifs par le cerveau. Mais la plasticit\u00e9 de cet organe merveilleux est telle que quelques exercices conduisent \u00e0 voir les choses de fa\u00e7on plus constructive. <\/p>\n<p>Il nous faut \u00e9liminer le \u00ab pilotage automatique \u00bb de notre esprit et rediriger nos pens\u00e9es vers ce qui est agr\u00e9able. Pour vous y aider, consignez chaque soir dans un carnet 3 \u00e0 5 \u00e9pisodes positifs de la journ\u00e9e \u00e9coul\u00e9e. Visualisez alors vos prochaines actions. Peu importe la taille de votre prochaines actions. Ce qui compte, c\u2019est de faire un pas en avant. Vos pens\u00e9es, guid\u00e9es vers l&#8217;action et le positif, produiront des effets consid\u00e9rables sur le long terme.<\/p>[\/et_pb_text][\/et_pb_column][\/et_pb_row][\/et_pb_section]\n","protected":false},"excerpt":{"rendered":"<p>L\u2019\u00eatre humain \u2013 le Fran\u00e7ais en particulier, semble-t-il \u2013 se focalise naturellement sur ce qui ne va pas plut\u00f4t que sur les moments positifs de l\u2019existence. Inverser la tendance est souhaitable et\u2026 possible. Pour le pr\u00e9sident Macron la France est un pays \u00ab trop n\u00e9gatif \u00bb, pr\u00e9cisant : \u00ab Si l\u2019on s\u2019\u00e9coute collectivement, si on [&hellip;]<\/p>\n","protected":false},"author":1,"featured_media":50963,"comment_status":"open","ping_status":"open","sticky":false,"template":"","format":"standard","meta":{"_et_pb_use_builder":"on","_et_pb_old_content":"","_et_gb_content_width":"","inline_featured_image":false,"footnotes":""},"categories":[9,21],"tags":[],"class_list":["post-51424","post","type-post","status-publish","format-standard","has-post-thumbnail","hentry","category-maxime-coignard","category-uncategorized"],"yoast_head":"<!-- This site is optimized with the Yoast SEO Premium plugin v22.9 (Yoast SEO v27.5) - https:\/\/yoast.com\/product\/yoast-seo-premium-wordpress\/ -->\n<title>Le \u00ab n\u00e9gativisme \u00bb n\u2019est pas une fatalit\u00e9 ! - Diadem Consulting<\/title>\n<meta name=\"robots\" content=\"index, follow, max-snippet:-1, max-image-preview:large, max-video-preview:-1\" \/>\n<link rel=\"canonical\" href=\"https:\/\/diadem-consulting.com\/le-negativisme-nest-pas-une-fatalite\/\" \/>\n<meta property=\"og:locale\" content=\"en_US\" \/>\n<meta property=\"og:type\" content=\"article\" \/>\n<meta property=\"og:title\" content=\"Le \u00ab n\u00e9gativisme \u00bb n\u2019est pas une fatalit\u00e9 !\" \/>\n<meta property=\"og:description\" content=\"L\u2019\u00eatre humain \u2013 le Fran\u00e7ais en particulier, semble-t-il \u2013 se focalise naturellement sur ce qui ne va pas plut\u00f4t que sur les moments positifs de l\u2019existence. Inverser la tendance est souhaitable et\u2026 possible. Pour le pr\u00e9sident Macron la France est un pays \u00ab trop n\u00e9gatif \u00bb, pr\u00e9cisant : \u00ab Si l\u2019on s\u2019\u00e9coute collectivement, si on [&hellip;]\" \/>\n<meta property=\"og:url\" content=\"https:\/\/diadem-consulting.com\/le-negativisme-nest-pas-une-fatalite\/\" \/>\n<meta property=\"og:site_name\" content=\"Diadem Consulting\" \/>\n<meta property=\"article:publisher\" content=\"https:\/\/www.facebook.com\/diademcoaching\/\" \/>\n<meta property=\"article:published_time\" content=\"2022-05-23T04:18:45+00:00\" \/>\n<meta property=\"article:modified_time\" content=\"2022-06-18T17:20:56+00:00\" \/>\n<meta property=\"og:image\" content=\"https:\/\/diadem-consulting.com\/wp-content\/uploads\/2022\/05\/positive.jpg\" \/>\n\t<meta property=\"og:image:width\" content=\"1920\" \/>\n\t<meta property=\"og:image:height\" content=\"1010\" \/>\n\t<meta property=\"og:image:type\" content=\"image\/jpeg\" \/>\n<meta name=\"author\" content=\"admin01\" \/>\n<meta name=\"twitter:card\" content=\"summary_large_image\" \/>\n<meta name=\"twitter:creator\" content=\"@maxime_coignard\" \/>\n<meta name=\"twitter:site\" content=\"@maxime_coignard\" \/>\n<meta name=\"twitter:label1\" content=\"Written by\" \/>\n\t<meta name=\"twitter:data1\" content=\"admin01\" \/>\n\t<meta name=\"twitter:label2\" content=\"Est. reading time\" \/>\n\t<meta name=\"twitter:data2\" content=\"3 minutes\" \/>\n<script type=\"application\/ld+json\" class=\"yoast-schema-graph\">{\"@context\":\"https:\\\/\\\/schema.org\",\"@graph\":[{\"@type\":\"Article\",\"@id\":\"https:\\\/\\\/diadem-consulting.com\\\/le-negativisme-nest-pas-une-fatalite\\\/#article\",\"isPartOf\":{\"@id\":\"https:\\\/\\\/diadem-consulting.com\\\/le-negativisme-nest-pas-une-fatalite\\\/\"},\"author\":{\"name\":\"admin01\",\"@id\":\"https:\\\/\\\/diadem-consulting.com\\\/#\\\/schema\\\/person\\\/8739c54b039695aef0677be0a4c61a2f\"},\"headline\":\"Le \u00ab n\u00e9gativisme \u00bb n\u2019est pas une fatalit\u00e9 !\",\"datePublished\":\"2022-05-23T04:18:45+00:00\",\"dateModified\":\"2022-06-18T17:20:56+00:00\",\"mainEntityOfPage\":{\"@id\":\"https:\\\/\\\/diadem-consulting.com\\\/le-negativisme-nest-pas-une-fatalite\\\/\"},\"wordCount\":625,\"commentCount\":0,\"image\":{\"@id\":\"https:\\\/\\\/diadem-consulting.com\\\/le-negativisme-nest-pas-une-fatalite\\\/#primaryimage\"},\"thumbnailUrl\":\"https:\\\/\\\/diadem-consulting.com\\\/wp-content\\\/uploads\\\/2022\\\/05\\\/positive.jpg\",\"articleSection\":[\"Maxime Coignard\"],\"inLanguage\":\"en-US\",\"potentialAction\":[{\"@type\":\"CommentAction\",\"name\":\"Comment\",\"target\":[\"https:\\\/\\\/diadem-consulting.com\\\/le-negativisme-nest-pas-une-fatalite\\\/#respond\"]}]},{\"@type\":\"WebPage\",\"@id\":\"https:\\\/\\\/diadem-consulting.com\\\/le-negativisme-nest-pas-une-fatalite\\\/\",\"url\":\"https:\\\/\\\/diadem-consulting.com\\\/le-negativisme-nest-pas-une-fatalite\\\/\",\"name\":\"Le \u00ab n\u00e9gativisme \u00bb n\u2019est pas une fatalit\u00e9 ! - Diadem Consulting\",\"isPartOf\":{\"@id\":\"https:\\\/\\\/diadem-consulting.com\\\/#website\"},\"primaryImageOfPage\":{\"@id\":\"https:\\\/\\\/diadem-consulting.com\\\/le-negativisme-nest-pas-une-fatalite\\\/#primaryimage\"},\"image\":{\"@id\":\"https:\\\/\\\/diadem-consulting.com\\\/le-negativisme-nest-pas-une-fatalite\\\/#primaryimage\"},\"thumbnailUrl\":\"https:\\\/\\\/diadem-consulting.com\\\/wp-content\\\/uploads\\\/2022\\\/05\\\/positive.jpg\",\"datePublished\":\"2022-05-23T04:18:45+00:00\",\"dateModified\":\"2022-06-18T17:20:56+00:00\",\"author\":{\"@id\":\"https:\\\/\\\/diadem-consulting.com\\\/#\\\/schema\\\/person\\\/8739c54b039695aef0677be0a4c61a2f\"},\"breadcrumb\":{\"@id\":\"https:\\\/\\\/diadem-consulting.com\\\/le-negativisme-nest-pas-une-fatalite\\\/#breadcrumb\"},\"inLanguage\":\"en-US\",\"potentialAction\":[{\"@type\":\"ReadAction\",\"target\":[\"https:\\\/\\\/diadem-consulting.com\\\/le-negativisme-nest-pas-une-fatalite\\\/\"]}]},{\"@type\":\"ImageObject\",\"inLanguage\":\"en-US\",\"@id\":\"https:\\\/\\\/diadem-consulting.com\\\/le-negativisme-nest-pas-une-fatalite\\\/#primaryimage\",\"url\":\"https:\\\/\\\/diadem-consulting.com\\\/wp-content\\\/uploads\\\/2022\\\/05\\\/positive.jpg\",\"contentUrl\":\"https:\\\/\\\/diadem-consulting.com\\\/wp-content\\\/uploads\\\/2022\\\/05\\\/positive.jpg\",\"width\":1920,\"height\":1010},{\"@type\":\"BreadcrumbList\",\"@id\":\"https:\\\/\\\/diadem-consulting.com\\\/le-negativisme-nest-pas-une-fatalite\\\/#breadcrumb\",\"itemListElement\":[{\"@type\":\"ListItem\",\"position\":1,\"name\":\"Accueil\",\"item\":\"https:\\\/\\\/diadem-consulting.com\\\/leader-du-coaching-de-dirigeants\\\/\"},{\"@type\":\"ListItem\",\"position\":2,\"name\":\"Le \u00ab n\u00e9gativisme \u00bb n\u2019est pas une fatalit\u00e9 !\"}]},{\"@type\":\"WebSite\",\"@id\":\"https:\\\/\\\/diadem-consulting.com\\\/#website\",\"url\":\"https:\\\/\\\/diadem-consulting.com\\\/\",\"name\":\"Diadem Consulting\",\"description\":\"Executive and Leadership Coaching et Formations pour Dirigeants\",\"potentialAction\":[{\"@type\":\"SearchAction\",\"target\":{\"@type\":\"EntryPoint\",\"urlTemplate\":\"https:\\\/\\\/diadem-consulting.com\\\/?s={search_term_string}\"},\"query-input\":{\"@type\":\"PropertyValueSpecification\",\"valueRequired\":true,\"valueName\":\"search_term_string\"}}],\"inLanguage\":\"en-US\"},{\"@type\":\"Person\",\"@id\":\"https:\\\/\\\/diadem-consulting.com\\\/#\\\/schema\\\/person\\\/8739c54b039695aef0677be0a4c61a2f\",\"name\":\"admin01\",\"image\":{\"@type\":\"ImageObject\",\"inLanguage\":\"en-US\",\"@id\":\"https:\\\/\\\/secure.gravatar.com\\\/avatar\\\/21afee7700d395a3072226e543e0606f7a34bd24ddb4b842ab5ce358ab629b1a?s=96&d=mm&r=g\",\"url\":\"https:\\\/\\\/secure.gravatar.com\\\/avatar\\\/21afee7700d395a3072226e543e0606f7a34bd24ddb4b842ab5ce358ab629b1a?s=96&d=mm&r=g\",\"contentUrl\":\"https:\\\/\\\/secure.gravatar.com\\\/avatar\\\/21afee7700d395a3072226e543e0606f7a34bd24ddb4b842ab5ce358ab629b1a?s=96&d=mm&r=g\",\"caption\":\"admin01\"},\"sameAs\":[\"https:\\\/\\\/diadem-consulting.com\\\/\"],\"url\":\"https:\\\/\\\/diadem-consulting.com\\\/en\\\/author\\\/admin01\\\/\"}]}<\/script>\n<!-- \/ Yoast SEO Premium plugin. -->","yoast_head_json":{"title":"Le \u00ab n\u00e9gativisme \u00bb n\u2019est pas une fatalit\u00e9 ! - Diadem Consulting","robots":{"index":"index","follow":"follow","max-snippet":"max-snippet:-1","max-image-preview":"max-image-preview:large","max-video-preview":"max-video-preview:-1"},"canonical":"https:\/\/diadem-consulting.com\/le-negativisme-nest-pas-une-fatalite\/","og_locale":"en_US","og_type":"article","og_title":"Le \u00ab n\u00e9gativisme \u00bb n\u2019est pas une fatalit\u00e9 !","og_description":"L\u2019\u00eatre humain \u2013 le Fran\u00e7ais en particulier, semble-t-il \u2013 se focalise naturellement sur ce qui ne va pas plut\u00f4t que sur les moments positifs de l\u2019existence. Inverser la tendance est souhaitable et\u2026 possible. Pour le pr\u00e9sident Macron la France est un pays \u00ab trop n\u00e9gatif \u00bb, pr\u00e9cisant : \u00ab Si l\u2019on s\u2019\u00e9coute collectivement, si on [&hellip;]","og_url":"https:\/\/diadem-consulting.com\/le-negativisme-nest-pas-une-fatalite\/","og_site_name":"Diadem Consulting","article_publisher":"https:\/\/www.facebook.com\/diademcoaching\/","article_published_time":"2022-05-23T04:18:45+00:00","article_modified_time":"2022-06-18T17:20:56+00:00","og_image":[{"width":1920,"height":1010,"url":"https:\/\/diadem-consulting.com\/wp-content\/uploads\/2022\/05\/positive.jpg","type":"image\/jpeg"}],"author":"admin01","twitter_card":"summary_large_image","twitter_creator":"@maxime_coignard","twitter_site":"@maxime_coignard","twitter_misc":{"Written by":"admin01","Est. reading time":"3 minutes"},"schema":{"@context":"https:\/\/schema.org","@graph":[{"@type":"Article","@id":"https:\/\/diadem-consulting.com\/le-negativisme-nest-pas-une-fatalite\/#article","isPartOf":{"@id":"https:\/\/diadem-consulting.com\/le-negativisme-nest-pas-une-fatalite\/"},"author":{"name":"admin01","@id":"https:\/\/diadem-consulting.com\/#\/schema\/person\/8739c54b039695aef0677be0a4c61a2f"},"headline":"Le \u00ab n\u00e9gativisme \u00bb n\u2019est pas une fatalit\u00e9 !","datePublished":"2022-05-23T04:18:45+00:00","dateModified":"2022-06-18T17:20:56+00:00","mainEntityOfPage":{"@id":"https:\/\/diadem-consulting.com\/le-negativisme-nest-pas-une-fatalite\/"},"wordCount":625,"commentCount":0,"image":{"@id":"https:\/\/diadem-consulting.com\/le-negativisme-nest-pas-une-fatalite\/#primaryimage"},"thumbnailUrl":"https:\/\/diadem-consulting.com\/wp-content\/uploads\/2022\/05\/positive.jpg","articleSection":["Maxime Coignard"],"inLanguage":"en-US","potentialAction":[{"@type":"CommentAction","name":"Comment","target":["https:\/\/diadem-consulting.com\/le-negativisme-nest-pas-une-fatalite\/#respond"]}]},{"@type":"WebPage","@id":"https:\/\/diadem-consulting.com\/le-negativisme-nest-pas-une-fatalite\/","url":"https:\/\/diadem-consulting.com\/le-negativisme-nest-pas-une-fatalite\/","name":"Le \u00ab n\u00e9gativisme \u00bb n\u2019est pas une fatalit\u00e9 ! - Diadem Consulting","isPartOf":{"@id":"https:\/\/diadem-consulting.com\/#website"},"primaryImageOfPage":{"@id":"https:\/\/diadem-consulting.com\/le-negativisme-nest-pas-une-fatalite\/#primaryimage"},"image":{"@id":"https:\/\/diadem-consulting.com\/le-negativisme-nest-pas-une-fatalite\/#primaryimage"},"thumbnailUrl":"https:\/\/diadem-consulting.com\/wp-content\/uploads\/2022\/05\/positive.jpg","datePublished":"2022-05-23T04:18:45+00:00","dateModified":"2022-06-18T17:20:56+00:00","author":{"@id":"https:\/\/diadem-consulting.com\/#\/schema\/person\/8739c54b039695aef0677be0a4c61a2f"},"breadcrumb":{"@id":"https:\/\/diadem-consulting.com\/le-negativisme-nest-pas-une-fatalite\/#breadcrumb"},"inLanguage":"en-US","potentialAction":[{"@type":"ReadAction","target":["https:\/\/diadem-consulting.com\/le-negativisme-nest-pas-une-fatalite\/"]}]},{"@type":"ImageObject","inLanguage":"en-US","@id":"https:\/\/diadem-consulting.com\/le-negativisme-nest-pas-une-fatalite\/#primaryimage","url":"https:\/\/diadem-consulting.com\/wp-content\/uploads\/2022\/05\/positive.jpg","contentUrl":"https:\/\/diadem-consulting.com\/wp-content\/uploads\/2022\/05\/positive.jpg","width":1920,"height":1010},{"@type":"BreadcrumbList","@id":"https:\/\/diadem-consulting.com\/le-negativisme-nest-pas-une-fatalite\/#breadcrumb","itemListElement":[{"@type":"ListItem","position":1,"name":"Accueil","item":"https:\/\/diadem-consulting.com\/leader-du-coaching-de-dirigeants\/"},{"@type":"ListItem","position":2,"name":"Le \u00ab n\u00e9gativisme \u00bb n\u2019est pas une fatalit\u00e9 !"}]},{"@type":"WebSite","@id":"https:\/\/diadem-consulting.com\/#website","url":"https:\/\/diadem-consulting.com\/","name":"Diadem Consulting","description":"Executive and Leadership Coaching et Formations pour Dirigeants","potentialAction":[{"@type":"SearchAction","target":{"@type":"EntryPoint","urlTemplate":"https:\/\/diadem-consulting.com\/?s={search_term_string}"},"query-input":{"@type":"PropertyValueSpecification","valueRequired":true,"valueName":"search_term_string"}}],"inLanguage":"en-US"},{"@type":"Person","@id":"https:\/\/diadem-consulting.com\/#\/schema\/person\/8739c54b039695aef0677be0a4c61a2f","name":"admin01","image":{"@type":"ImageObject","inLanguage":"en-US","@id":"https:\/\/secure.gravatar.com\/avatar\/21afee7700d395a3072226e543e0606f7a34bd24ddb4b842ab5ce358ab629b1a?s=96&d=mm&r=g","url":"https:\/\/secure.gravatar.com\/avatar\/21afee7700d395a3072226e543e0606f7a34bd24ddb4b842ab5ce358ab629b1a?s=96&d=mm&r=g","contentUrl":"https:\/\/secure.gravatar.com\/avatar\/21afee7700d395a3072226e543e0606f7a34bd24ddb4b842ab5ce358ab629b1a?s=96&d=mm&r=g","caption":"admin01"},"sameAs":["https:\/\/diadem-consulting.com\/"],"url":"https:\/\/diadem-consulting.com\/en\/author\/admin01\/"}]}},"_links":{"self":[{"href":"https:\/\/diadem-consulting.com\/en\/wp-json\/wp\/v2\/posts\/51424","targetHints":{"allow":["GET"]}}],"collection":[{"href":"https:\/\/diadem-consulting.com\/en\/wp-json\/wp\/v2\/posts"}],"about":[{"href":"https:\/\/diadem-consulting.com\/en\/wp-json\/wp\/v2\/types\/post"}],"author":[{"embeddable":true,"href":"https:\/\/diadem-consulting.com\/en\/wp-json\/wp\/v2\/users\/1"}],"replies":[{"embeddable":true,"href":"https:\/\/diadem-consulting.com\/en\/wp-json\/wp\/v2\/comments?post=51424"}],"version-history":[{"count":0,"href":"https:\/\/diadem-consulting.com\/en\/wp-json\/wp\/v2\/posts\/51424\/revisions"}],"wp:featuredmedia":[{"embeddable":true,"href":"https:\/\/diadem-consulting.com\/en\/wp-json\/wp\/v2\/media\/50963"}],"wp:attachment":[{"href":"https:\/\/diadem-consulting.com\/en\/wp-json\/wp\/v2\/media?parent=51424"}],"wp:term":[{"taxonomy":"category","embeddable":true,"href":"https:\/\/diadem-consulting.com\/en\/wp-json\/wp\/v2\/categories?post=51424"},{"taxonomy":"post_tag","embeddable":true,"href":"https:\/\/diadem-consulting.com\/en\/wp-json\/wp\/v2\/tags?post=51424"}],"curies":[{"name":"wp","href":"https:\/\/api.w.org\/{rel}","templated":true}]}}